{"id":3067,"date":"2020-09-01T10:37:49","date_gmt":"2020-09-01T15:37:49","guid":{"rendered":"https:\/\/cienciassociales.uniandes.edu.co\/psicologia\/noticias\/catedra-cuidado-de-si-sesion-inaugural-el-cuidado-de-si-como-etica-de-vida\/"},"modified":"2021-02-19T18:23:34","modified_gmt":"2021-02-19T23:23:34","slug":"catedra-cuidado-de-si-sesion-inaugural-el-cuidado-de-si-como-etica-de-vida","status":"publish","type":"post","link":"https:\/\/cienciassociales.uniandes.edu.co\/psicologia\/noticia\/catedra-cuidado-de-si-sesion-inaugural-el-cuidado-de-si-como-etica-de-vida\/","title":{"rendered":"C\u00e1tedra Cuidado de S\u00ed. Sesi\u00f3n Inaugural: El cuidado de s\u00ed como \u00e9tica de vida"},"excerpt":{"rendered":"<p>Esta c\u00e1tedra busca proponer un espacio acad\u00e9mico de reflexi\u00f3n sobre el cuidado de s\u00ed en la vida cotidiana articulando diferentes perspectivas te\u00f3ricas y disciplinares.<\/p>\n","protected":false},"author":23,"featured_media":5067,"comment_status":"closed","ping_status":"closed","sticky":false,"template":"","format":"standard","meta":{"_acf_changed":false,"footnotes":""},"categories":[1],"tags":[],"area-departamento":[16],"tematica":[84],"publico-objetivo":[38,51,39],"tipo-noticia":[],"class_list":["post-3067","post","type-post","status-publish","format-standard","has-post-thumbnail","hentry","category-noticia","area-departamento-psicologia","tematica-covid-19","publico-objetivo-egresado","publico-objetivo-estudiante","publico-objetivo-profesor"],"acf":[],"otros_campos":{"noticias_profesores":""},"_links":{"self":[{"href":"https:\/\/cienciassociales.uniandes.edu.co\/psicologia\/wp-json\/wp\/v2\/posts\/3067","targetHints":{"allow":["GET"]}}],"collection":[{"href":"https:\/\/cienciassociales.uniandes.edu.co\/psicologia\/wp-json\/wp\/v2\/posts"}],"about":[{"href":"https:\/\/cienciassociales.uniandes.edu.co\/psicologia\/wp-json\/wp\/v2\/types\/post"}],"author":[{"embeddable":true,"href":"https:\/\/cienciassociales.uniandes.edu.co\/psicologia\/wp-json\/wp\/v2\/users\/23"}],"replies":[{"embeddable":true,"href":"https:\/\/cienciassociales.uniandes.edu.co\/psicologia\/wp-json\/wp\/v2\/comments?post=3067"}],"version-history":[{"count":0,"href":"https:\/\/cienciassociales.uniandes.edu.co\/psicologia\/wp-json\/wp\/v2\/posts\/3067\/revisions"}],"wp:featuredmedia":[{"embeddable":true,"href":"https:\/\/cienciassociales.uniandes.edu.co\/psicologia\/wp-json\/wp\/v2\/media\/5067"}],"wp:attachment":[{"href":"https:\/\/cienciassociales.uniandes.edu.co\/psicologia\/wp-json\/wp\/v2\/media?parent=3067"}],"wp:term":[{"taxonomy":"category","embeddable":true,"href":"https:\/\/cienciassociales.uniandes.edu.co\/psicologia\/wp-json\/wp\/v2\/categories?post=3067"},{"taxonomy":"post_tag","embeddable":true,"href":"https:\/\/cienciassociales.uniandes.edu.co\/psicologia\/wp-json\/wp\/v2\/tags?post=3067"},{"taxonomy":"area-departamento","embeddable":true,"href":"https:\/\/cienciassociales.uniandes.edu.co\/psicologia\/wp-json\/wp\/v2\/area-departamento?post=3067"},{"taxonomy":"tematica","embeddable":true,"href":"https:\/\/cienciassociales.uniandes.edu.co\/psicologia\/wp-json\/wp\/v2\/tematica?post=3067"},{"taxonomy":"publico-objetivo","embeddable":true,"href":"https:\/\/cienciassociales.uniandes.edu.co\/psicologia\/wp-json\/wp\/v2\/publico-objetivo?post=3067"},{"taxonomy":"tipo-noticia","embeddable":true,"href":"https:\/\/cienciassociales.uniandes.edu.co\/psicologia\/wp-json\/wp\/v2\/tipo-noticia?post=3067"}],"curies":[{"name":"wp","href":"https:\/\/api.w.org\/{rel}","templated":true}]}}