{"id":24088,"date":"2023-04-14T09:44:38","date_gmt":"2023-04-14T14:44:38","guid":{"rendered":"https:\/\/cienciassociales.uniandes.edu.co\/lenguas-cultura\/?p=24088"},"modified":"2023-04-14T09:59:41","modified_gmt":"2023-04-14T14:59:41","slug":"revista-uniandinho-convocatoria-aberta-para-2023-10","status":"publish","type":"post","link":"https:\/\/cienciassociales.uniandes.edu.co\/lenguas-cultura\/convocatoria\/revista-uniandinho-convocatoria-aberta-para-2023-10\/","title":{"rendered":"Revista Uniandinho | Convocat\u00f3ria aberta para 2023-10"},"excerpt":{"rendered":"<p>Quer participar da pr\u00f3xima edi\u00e7\u00e3o de 2023-10? Mande sua contribui\u00e7\u00e3o at\u00e9 o dia 14 de abril 2023<\/p>\n","protected":false},"author":10,"featured_media":24104,"comment_status":"closed","ping_status":"closed","sticky":false,"template":"","format":"standard","meta":{"_acf_changed":false,"footnotes":""},"categories":[341],"tags":[],"area-departamento":[15],"tematica":[382],"publico-objetivo":[38,51,39],"tipo-noticia":[367],"class_list":["post-24088","post","type-post","status-publish","format-standard","has-post-thumbnail","hentry","category-convocatoria","area-departamento-lenguas-y-cultura","tematica-portugues","publico-objetivo-egresado","publico-objetivo-estudiante","publico-objetivo-profesor","tipo-noticia-estandar"],"acf":[],"otros_campos":{"noticias_profesores":[2713]},"_links":{"self":[{"href":"https:\/\/cienciassociales.uniandes.edu.co\/lenguas-cultura\/wp-json\/wp\/v2\/posts\/24088","targetHints":{"allow":["GET"]}}],"collection":[{"href":"https:\/\/cienciassociales.uniandes.edu.co\/lenguas-cultura\/wp-json\/wp\/v2\/posts"}],"about":[{"href":"https:\/\/cienciassociales.uniandes.edu.co\/lenguas-cultura\/wp-json\/wp\/v2\/types\/post"}],"author":[{"embeddable":true,"href":"https:\/\/cienciassociales.uniandes.edu.co\/lenguas-cultura\/wp-json\/wp\/v2\/users\/10"}],"replies":[{"embeddable":true,"href":"https:\/\/cienciassociales.uniandes.edu.co\/lenguas-cultura\/wp-json\/wp\/v2\/comments?post=24088"}],"version-history":[{"count":0,"href":"https:\/\/cienciassociales.uniandes.edu.co\/lenguas-cultura\/wp-json\/wp\/v2\/posts\/24088\/revisions"}],"wp:featuredmedia":[{"embeddable":true,"href":"https:\/\/cienciassociales.uniandes.edu.co\/lenguas-cultura\/wp-json\/wp\/v2\/media\/24104"}],"wp:attachment":[{"href":"https:\/\/cienciassociales.uniandes.edu.co\/lenguas-cultura\/wp-json\/wp\/v2\/media?parent=24088"}],"wp:term":[{"taxonomy":"category","embeddable":true,"href":"https:\/\/cienciassociales.uniandes.edu.co\/lenguas-cultura\/wp-json\/wp\/v2\/categories?post=24088"},{"taxonomy":"post_tag","embeddable":true,"href":"https:\/\/cienciassociales.uniandes.edu.co\/lenguas-cultura\/wp-json\/wp\/v2\/tags?post=24088"},{"taxonomy":"area-departamento","embeddable":true,"href":"https:\/\/cienciassociales.uniandes.edu.co\/lenguas-cultura\/wp-json\/wp\/v2\/area-departamento?post=24088"},{"taxonomy":"tematica","embeddable":true,"href":"https:\/\/cienciassociales.uniandes.edu.co\/lenguas-cultura\/wp-json\/wp\/v2\/tematica?post=24088"},{"taxonomy":"publico-objetivo","embeddable":true,"href":"https:\/\/cienciassociales.uniandes.edu.co\/lenguas-cultura\/wp-json\/wp\/v2\/publico-objetivo?post=24088"},{"taxonomy":"tipo-noticia","embeddable":true,"href":"https:\/\/cienciassociales.uniandes.edu.co\/lenguas-cultura\/wp-json\/wp\/v2\/tipo-noticia?post=24088"}],"curies":[{"name":"wp","href":"https:\/\/api.w.org\/{rel}","templated":true}]}}