{"id":34841,"date":"2024-06-30T13:17:15","date_gmt":"2024-06-30T18:17:15","guid":{"rendered":"https:\/\/cienciassociales.uniandes.edu.co\/ciencia-politica\/?p=34841"},"modified":"2024-06-30T13:17:15","modified_gmt":"2024-06-30T18:17:15","slug":"develando-las-politicas-de-genero-estudio-sobre-hombres-en-politicas-de-genero-en-colombia","status":"publish","type":"post","link":"https:\/\/cienciassociales.uniandes.edu.co\/ciencia-politica-estudios-globales\/noticia\/develando-las-politicas-de-genero-estudio-sobre-hombres-en-politicas-de-genero-en-colombia\/","title":{"rendered":"Develando las pol\u00edticas de g\u00e9nero: Estudio sobre hombres en pol\u00edticas de g\u00e9nero en Colombia"},"excerpt":{"rendered":"<p>Un estudio realizado por el profesor Jos\u00e9 Fernando Serrano, del departamento de Lenguas y Cultura revela c\u00f3mo hombres en cargos de representaci\u00f3n pol\u00edtica en Colombia abordan la equidad de g\u00e9nero. Los hallazgos desentra\u00f1an percepciones y pr\u00e1cticas.<\/p>\n","protected":false},"author":8,"featured_media":34844,"comment_status":"closed","ping_status":"closed","sticky":false,"template":"","format":"standard","meta":{"_acf_changed":false,"footnotes":""},"categories":[1],"tags":[],"area-departamento":[15],"tematica":[],"publico-objetivo":[39],"tipo-noticia":[356],"class_list":["post-34841","post","type-post","status-publish","format-standard","has-post-thumbnail","hentry","category-noticia","area-departamento-lenguas-y-cultura","publico-objetivo-profesor","tipo-noticia-estandar"],"acf":[],"otros_campos":{"noticias_profesores":[0]},"_links":{"self":[{"href":"https:\/\/cienciassociales.uniandes.edu.co\/ciencia-politica-estudios-globales\/wp-json\/wp\/v2\/posts\/34841","targetHints":{"allow":["GET"]}}],"collection":[{"href":"https:\/\/cienciassociales.uniandes.edu.co\/ciencia-politica-estudios-globales\/wp-json\/wp\/v2\/posts"}],"about":[{"href":"https:\/\/cienciassociales.uniandes.edu.co\/ciencia-politica-estudios-globales\/wp-json\/wp\/v2\/types\/post"}],"author":[{"embeddable":true,"href":"https:\/\/cienciassociales.uniandes.edu.co\/ciencia-politica-estudios-globales\/wp-json\/wp\/v2\/users\/8"}],"replies":[{"embeddable":true,"href":"https:\/\/cienciassociales.uniandes.edu.co\/ciencia-politica-estudios-globales\/wp-json\/wp\/v2\/comments?post=34841"}],"version-history":[{"count":0,"href":"https:\/\/cienciassociales.uniandes.edu.co\/ciencia-politica-estudios-globales\/wp-json\/wp\/v2\/posts\/34841\/revisions"}],"wp:featuredmedia":[{"embeddable":true,"href":"https:\/\/cienciassociales.uniandes.edu.co\/ciencia-politica-estudios-globales\/wp-json\/wp\/v2\/media\/34844"}],"wp:attachment":[{"href":"https:\/\/cienciassociales.uniandes.edu.co\/ciencia-politica-estudios-globales\/wp-json\/wp\/v2\/media?parent=34841"}],"wp:term":[{"taxonomy":"category","embeddable":true,"href":"https:\/\/cienciassociales.uniandes.edu.co\/ciencia-politica-estudios-globales\/wp-json\/wp\/v2\/categories?post=34841"},{"taxonomy":"post_tag","embeddable":true,"href":"https:\/\/cienciassociales.uniandes.edu.co\/ciencia-politica-estudios-globales\/wp-json\/wp\/v2\/tags?post=34841"},{"taxonomy":"area-departamento","embeddable":true,"href":"https:\/\/cienciassociales.uniandes.edu.co\/ciencia-politica-estudios-globales\/wp-json\/wp\/v2\/area-departamento?post=34841"},{"taxonomy":"tematica","embeddable":true,"href":"https:\/\/cienciassociales.uniandes.edu.co\/ciencia-politica-estudios-globales\/wp-json\/wp\/v2\/tematica?post=34841"},{"taxonomy":"publico-objetivo","embeddable":true,"href":"https:\/\/cienciassociales.uniandes.edu.co\/ciencia-politica-estudios-globales\/wp-json\/wp\/v2\/publico-objetivo?post=34841"},{"taxonomy":"tipo-noticia","embeddable":true,"href":"https:\/\/cienciassociales.uniandes.edu.co\/ciencia-politica-estudios-globales\/wp-json\/wp\/v2\/tipo-noticia?post=34841"}],"curies":[{"name":"wp","href":"https:\/\/api.w.org\/{rel}","templated":true}]}}